{"id":767,"date":"2024-09-16T21:57:59","date_gmt":"2024-09-17T01:57:59","guid":{"rendered":"https:\/\/menopausicasactivas.com\/?p=767"},"modified":"2026-02-23T20:56:55","modified_gmt":"2026-02-24T01:56:55","slug":"infografia-hombres-y-menopausia","status":"publish","type":"post","link":"https:\/\/menopausicasactivas.com\/en\/infografia-hombres-y-menopausia\/","title":{"rendered":"Infograf\u00eda: Hombres y Menopausia"},"content":{"rendered":"<p class=\"\"><\/p>\n\n\n<a href=\"https:\/\/menopausicasactivas.com\/wp-content\/uploads\/2024\/09\/Guia-para-hombres-1.pdf\" class=\"pdfemb-viewer\" style=\"\" data-width=\"max\" data-height=\"max\" data-toolbar=\"bottom\" data-toolbar-fixed=\"on\">Guia-para-hombres-1<\/a>\n\n\n<p class=\"\">Sab\u00edas que los Romanos y Griegos pensaban que cuando las mujeres dejaban de tener sus periodos, ya no pod\u00edan liberar las toxinas del cuerpo y que eso las podr\u00eda llevar a la locura?<br><br>Y al pasar de los a\u00f1os, los tratamientos fueron desde los m\u00e1s horrorosos hasta los m\u00e1s inhumanos, comenzando con la aplicaci\u00f3n de sanguijuelas hasta el colmo de internar a estas mujeres en manicomios.<br><br>Pues a mi parecer esto no est\u00e1 muy alejado de lo que nuestra cultura latina tiene marcado a fuego como infinitos prejuicios.<br><br>No, no somos menop\u00e1usicas amargadas. No, no somos hijas de Steven Spielberg para imaginar una pel\u00edcula con excusas a la hora del delicioso, o nuestros cambios repentinos de humor, o nuestra p\u00e9rdida de memoria, y muchas cosas m\u00e1s, no son solo invenci\u00f3n de nuestra imaginaci\u00f3n.<br><br>Es un proceso natural, que tiene muchos s\u00edntomas y que adem\u00e1s es un viaje completamente diferente para cada mujer.<br><br>As\u00ed que, no solo debemos educarnos a nosotras mismas, tambi\u00e9n somos muy responsables de compartir esta informaci\u00f3n con las personas que est\u00e1n a nuestro alrededor.  <\/p>\n\n\n\n<div class=\"wp-block-buttons is-layout-flex wp-block-buttons-is-layout-flex\">\n<div class=\"wp-block-button\"><a class=\"wp-block-button__link wp-element-button\" href=\"https:\/\/menopausicasactivas.com\/en\/infografia-hombres-y-menopausia\/\" target=\"_blank\" rel=\"noreferrer noopener\">DESCARGA INFOGRAFIA<\/a><\/div>\n<\/div>\n\n\n\n<p class=\"\"><\/p>","protected":false},"excerpt":{"rendered":"<p>Sab\u00edas que los Romanos y Griegos pensaban que cuando las mujeres dejaban de tener sus periodos, ya no pod\u00edan liberar las toxinas del cuerpo y que eso las podr\u00eda llevar a la locura? Y al pasar de los a\u00f1os, los tratamientos fueron desde los m\u00e1s horrorosos hasta los m\u00e1s inhumanos, comenzando con la aplicaci\u00f3n de [&hellip;]<\/p>\n","protected":false},"author":1,"featured_media":775,"comment_status":"open","ping_status":"open","sticky":false,"template":"","format":"image","meta":{"nf_dc_page":"","_monsterinsights_skip_tracking":false,"_monsterinsights_sitenote_active":false,"_monsterinsights_sitenote_note":"","_monsterinsights_sitenote_category":0,"jetpack_post_was_ever_published":false,"_jetpack_newsletter_access":"","_jetpack_dont_email_post_to_subs":false,"_jetpack_newsletter_tier_id":0,"_jetpack_memberships_contains_paywalled_content":false,"_jetpack_memberships_contains_paid_content":false,"footnotes":"","jetpack_publicize_message":"","jetpack_publicize_feature_enabled":true,"jetpack_social_post_already_shared":true,"jetpack_social_options":{"image_generator_settings":{"template":"highway","default_image_id":0,"font":"","enabled":false},"version":2}},"categories":[1],"tags":[],"class_list":["post-767","post","type-post","status-publish","format-image","has-post-thumbnail","hentry","category-uncategorized","post_format-post-format-image"],"yoast_head":"<!-- This site is optimized with the Yoast SEO plugin v27.4 - https:\/\/yoast.com\/product\/yoast-seo-wordpress\/ -->\n<title>Infograf\u00eda: Hombres y Menopausia - MENOPAUSICAS ACTIVAS<\/title>\n<meta name=\"robots\" content=\"index, follow, max-snippet:-1, max-image-preview:large, max-video-preview:-1\" \/>\n<link rel=\"canonical\" href=\"https:\/\/menopausicasactivas.com\/en\/infografia-hombres-y-menopausia\/\" \/>\n<meta property=\"og:locale\" content=\"en_US\" \/>\n<meta property=\"og:type\" content=\"article\" \/>\n<meta property=\"og:title\" content=\"Infograf\u00eda: Hombres y Menopausia - MENOPAUSICAS ACTIVAS\" \/>\n<meta property=\"og:description\" content=\"Sab\u00edas que los Romanos y Griegos pensaban que cuando las mujeres dejaban de tener sus periodos, ya no pod\u00edan liberar las toxinas del cuerpo y que eso las podr\u00eda llevar a la locura? Y al pasar de los a\u00f1os, los tratamientos fueron desde los m\u00e1s horrorosos hasta los m\u00e1s inhumanos, comenzando con la aplicaci\u00f3n de [&hellip;]\" \/>\n<meta property=\"og:url\" content=\"https:\/\/menopausicasactivas.com\/en\/infografia-hombres-y-menopausia\/\" \/>\n<meta property=\"og:site_name\" content=\"MENOPAUSICAS ACTIVAS\" \/>\n<meta property=\"article:published_time\" content=\"2024-09-17T01:57:59+00:00\" \/>\n<meta property=\"article:modified_time\" content=\"2026-02-24T01:56:55+00:00\" \/>\n<meta property=\"og:image\" content=\"https:\/\/menopausicasactivas.com\/wp-content\/uploads\/2024\/09\/Hombre-adulto-Pensando-en-3D-con-fondo-azul-claro-e1726532637868.jpg\" \/>\n\t<meta property=\"og:image:width\" content=\"1914\" \/>\n\t<meta property=\"og:image:height\" content=\"1914\" \/>\n\t<meta property=\"og:image:type\" content=\"image\/jpeg\" \/>\n<meta name=\"author\" content=\"Aprilia\" \/>\n<meta name=\"twitter:card\" content=\"summary_large_image\" \/>\n<meta name=\"twitter:label1\" content=\"Written by\" \/>\n\t<meta name=\"twitter:data1\" content=\"Aprilia\" \/>\n\t<meta name=\"twitter:label2\" content=\"Est. reading time\" \/>\n\t<meta name=\"twitter:data2\" content=\"2 minutes\" \/>\n<script type=\"application\/ld+json\" class=\"yoast-schema-graph\">{\"@context\":\"https:\\\/\\\/schema.org\",\"@graph\":[{\"@type\":\"Article\",\"@id\":\"https:\\\/\\\/menopausicasactivas.com\\\/infografia-hombres-y-menopausia\\\/#article\",\"isPartOf\":{\"@id\":\"https:\\\/\\\/menopausicasactivas.com\\\/infografia-hombres-y-menopausia\\\/\"},\"author\":{\"name\":\"Aprilia\",\"@id\":\"https:\\\/\\\/menopausicasactivas.com\\\/#\\\/schema\\\/person\\\/b14f7ff0c676b419421b3eb573b34a85\"},\"headline\":\"Infograf\u00eda: Hombres y Menopausia\",\"datePublished\":\"2024-09-17T01:57:59+00:00\",\"dateModified\":\"2026-02-24T01:56:55+00:00\",\"mainEntityOfPage\":{\"@id\":\"https:\\\/\\\/menopausicasactivas.com\\\/infografia-hombres-y-menopausia\\\/\"},\"wordCount\":202,\"commentCount\":0,\"publisher\":{\"@id\":\"https:\\\/\\\/menopausicasactivas.com\\\/#organization\"},\"image\":{\"@id\":\"https:\\\/\\\/menopausicasactivas.com\\\/infografia-hombres-y-menopausia\\\/#primaryimage\"},\"thumbnailUrl\":\"https:\\\/\\\/i0.wp.com\\\/menopausicasactivas.com\\\/wp-content\\\/uploads\\\/2024\\\/09\\\/Hombre-adulto-Pensando-en-3D-con-fondo-azul-claro-e1726532637868.jpg?fit=1914%2C1914&ssl=1\",\"articleSection\":[\"BLOG\"],\"inLanguage\":\"en-US\",\"potentialAction\":[{\"@type\":\"CommentAction\",\"name\":\"Comment\",\"target\":[\"https:\\\/\\\/menopausicasactivas.com\\\/infografia-hombres-y-menopausia\\\/#respond\"]}]},{\"@type\":\"WebPage\",\"@id\":\"https:\\\/\\\/menopausicasactivas.com\\\/infografia-hombres-y-menopausia\\\/\",\"url\":\"https:\\\/\\\/menopausicasactivas.com\\\/infografia-hombres-y-menopausia\\\/\",\"name\":\"Infograf\u00eda: Hombres y Menopausia - MENOPAUSICAS ACTIVAS\",\"isPartOf\":{\"@id\":\"https:\\\/\\\/menopausicasactivas.com\\\/#website\"},\"primaryImageOfPage\":{\"@id\":\"https:\\\/\\\/menopausicasactivas.com\\\/infografia-hombres-y-menopausia\\\/#primaryimage\"},\"image\":{\"@id\":\"https:\\\/\\\/menopausicasactivas.com\\\/infografia-hombres-y-menopausia\\\/#primaryimage\"},\"thumbnailUrl\":\"https:\\\/\\\/i0.wp.com\\\/menopausicasactivas.com\\\/wp-content\\\/uploads\\\/2024\\\/09\\\/Hombre-adulto-Pensando-en-3D-con-fondo-azul-claro-e1726532637868.jpg?fit=1914%2C1914&ssl=1\",\"datePublished\":\"2024-09-17T01:57:59+00:00\",\"dateModified\":\"2026-02-24T01:56:55+00:00\",\"breadcrumb\":{\"@id\":\"https:\\\/\\\/menopausicasactivas.com\\\/infografia-hombres-y-menopausia\\\/#breadcrumb\"},\"inLanguage\":\"en-US\",\"potentialAction\":[{\"@type\":\"ReadAction\",\"target\":[\"https:\\\/\\\/menopausicasactivas.com\\\/infografia-hombres-y-menopausia\\\/\"]}]},{\"@type\":\"ImageObject\",\"inLanguage\":\"en-US\",\"@id\":\"https:\\\/\\\/menopausicasactivas.com\\\/infografia-hombres-y-menopausia\\\/#primaryimage\",\"url\":\"https:\\\/\\\/i0.wp.com\\\/menopausicasactivas.com\\\/wp-content\\\/uploads\\\/2024\\\/09\\\/Hombre-adulto-Pensando-en-3D-con-fondo-azul-claro-e1726532637868.jpg?fit=1914%2C1914&ssl=1\",\"contentUrl\":\"https:\\\/\\\/i0.wp.com\\\/menopausicasactivas.com\\\/wp-content\\\/uploads\\\/2024\\\/09\\\/Hombre-adulto-Pensando-en-3D-con-fondo-azul-claro-e1726532637868.jpg?fit=1914%2C1914&ssl=1\",\"width\":1914,\"height\":1914},{\"@type\":\"BreadcrumbList\",\"@id\":\"https:\\\/\\\/menopausicasactivas.com\\\/infografia-hombres-y-menopausia\\\/#breadcrumb\",\"itemListElement\":[{\"@type\":\"ListItem\",\"position\":1,\"name\":\"Home\",\"item\":\"https:\\\/\\\/menopausicasactivas.com\\\/\"},{\"@type\":\"ListItem\",\"position\":2,\"name\":\"Infograf\u00eda: Hombres y Menopausia\"}]},{\"@type\":\"WebSite\",\"@id\":\"https:\\\/\\\/menopausicasactivas.com\\\/#website\",\"url\":\"https:\\\/\\\/menopausicasactivas.com\\\/\",\"name\":\"MENOPAUSICAS ACTIVAS\",\"description\":\"Nutrici\u00f3n, Salud y Longevidad. Tips para retomar tu vida.\",\"publisher\":{\"@id\":\"https:\\\/\\\/menopausicasactivas.com\\\/#organization\"},\"potentialAction\":[{\"@type\":\"SearchAction\",\"target\":{\"@type\":\"EntryPoint\",\"urlTemplate\":\"https:\\\/\\\/menopausicasactivas.com\\\/?s={search_term_string}\"},\"query-input\":{\"@type\":\"PropertyValueSpecification\",\"valueRequired\":true,\"valueName\":\"search_term_string\"}}],\"inLanguage\":\"en-US\"},{\"@type\":\"Organization\",\"@id\":\"https:\\\/\\\/menopausicasactivas.com\\\/#organization\",\"name\":\"MENOPAUSICAS ACTIVAS\",\"url\":\"https:\\\/\\\/menopausicasactivas.com\\\/\",\"logo\":{\"@type\":\"ImageObject\",\"inLanguage\":\"en-US\",\"@id\":\"https:\\\/\\\/menopausicasactivas.com\\\/#\\\/schema\\\/logo\\\/image\\\/\",\"url\":\"https:\\\/\\\/i0.wp.com\\\/menopausicasactivas.com\\\/wp-content\\\/uploads\\\/2024\\\/06\\\/cropped-Menopausicas-Activas-Logo.png?fit=500%2C500&ssl=1\",\"contentUrl\":\"https:\\\/\\\/i0.wp.com\\\/menopausicasactivas.com\\\/wp-content\\\/uploads\\\/2024\\\/06\\\/cropped-Menopausicas-Activas-Logo.png?fit=500%2C500&ssl=1\",\"width\":500,\"height\":500,\"caption\":\"MENOPAUSICAS ACTIVAS\"},\"image\":{\"@id\":\"https:\\\/\\\/menopausicasactivas.com\\\/#\\\/schema\\\/logo\\\/image\\\/\"}},{\"@type\":\"Person\",\"@id\":\"https:\\\/\\\/menopausicasactivas.com\\\/#\\\/schema\\\/person\\\/b14f7ff0c676b419421b3eb573b34a85\",\"name\":\"Aprilia\",\"image\":{\"@type\":\"ImageObject\",\"inLanguage\":\"en-US\",\"@id\":\"https:\\\/\\\/secure.gravatar.com\\\/avatar\\\/76f48751066253fbf00cefd6c7bda88fe48d10cf5f2f8f23ddac5fc150d9679b?s=96&r=g\",\"url\":\"https:\\\/\\\/secure.gravatar.com\\\/avatar\\\/76f48751066253fbf00cefd6c7bda88fe48d10cf5f2f8f23ddac5fc150d9679b?s=96&r=g\",\"contentUrl\":\"https:\\\/\\\/secure.gravatar.com\\\/avatar\\\/76f48751066253fbf00cefd6c7bda88fe48d10cf5f2f8f23ddac5fc150d9679b?s=96&r=g\",\"caption\":\"Aprilia\"},\"url\":\"https:\\\/\\\/menopausicasactivas.com\\\/en\\\/author\\\/jkenuumy\\\/\"}]}<\/script>\n<!-- \/ Yoast SEO plugin. -->","yoast_head_json":{"title":"Infograf\u00eda: Hombres y Menopausia - MENOPAUSICAS ACTIVAS","robots":{"index":"index","follow":"follow","max-snippet":"max-snippet:-1","max-image-preview":"max-image-preview:large","max-video-preview":"max-video-preview:-1"},"canonical":"https:\/\/menopausicasactivas.com\/en\/infografia-hombres-y-menopausia\/","og_locale":"en_US","og_type":"article","og_title":"Infograf\u00eda: Hombres y Menopausia - MENOPAUSICAS ACTIVAS","og_description":"Sab\u00edas que los Romanos y Griegos pensaban que cuando las mujeres dejaban de tener sus periodos, ya no pod\u00edan liberar las toxinas del cuerpo y que eso las podr\u00eda llevar a la locura? Y al pasar de los a\u00f1os, los tratamientos fueron desde los m\u00e1s horrorosos hasta los m\u00e1s inhumanos, comenzando con la aplicaci\u00f3n de [&hellip;]","og_url":"https:\/\/menopausicasactivas.com\/en\/infografia-hombres-y-menopausia\/","og_site_name":"MENOPAUSICAS ACTIVAS","article_published_time":"2024-09-17T01:57:59+00:00","article_modified_time":"2026-02-24T01:56:55+00:00","og_image":[{"width":1914,"height":1914,"url":"https:\/\/menopausicasactivas.com\/wp-content\/uploads\/2024\/09\/Hombre-adulto-Pensando-en-3D-con-fondo-azul-claro-e1726532637868.jpg","type":"image\/jpeg"}],"author":"Aprilia","twitter_card":"summary_large_image","twitter_misc":{"Written by":"Aprilia","Est. reading time":"2 minutes"},"schema":{"@context":"https:\/\/schema.org","@graph":[{"@type":"Article","@id":"https:\/\/menopausicasactivas.com\/infografia-hombres-y-menopausia\/#article","isPartOf":{"@id":"https:\/\/menopausicasactivas.com\/infografia-hombres-y-menopausia\/"},"author":{"name":"Aprilia","@id":"https:\/\/menopausicasactivas.com\/#\/schema\/person\/b14f7ff0c676b419421b3eb573b34a85"},"headline":"Infograf\u00eda: Hombres y Menopausia","datePublished":"2024-09-17T01:57:59+00:00","dateModified":"2026-02-24T01:56:55+00:00","mainEntityOfPage":{"@id":"https:\/\/menopausicasactivas.com\/infografia-hombres-y-menopausia\/"},"wordCount":202,"commentCount":0,"publisher":{"@id":"https:\/\/menopausicasactivas.com\/#organization"},"image":{"@id":"https:\/\/menopausicasactivas.com\/infografia-hombres-y-menopausia\/#primaryimage"},"thumbnailUrl":"https:\/\/i0.wp.com\/menopausicasactivas.com\/wp-content\/uploads\/2024\/09\/Hombre-adulto-Pensando-en-3D-con-fondo-azul-claro-e1726532637868.jpg?fit=1914%2C1914&ssl=1","articleSection":["BLOG"],"inLanguage":"en-US","potentialAction":[{"@type":"CommentAction","name":"Comment","target":["https:\/\/menopausicasactivas.com\/infografia-hombres-y-menopausia\/#respond"]}]},{"@type":"WebPage","@id":"https:\/\/menopausicasactivas.com\/infografia-hombres-y-menopausia\/","url":"https:\/\/menopausicasactivas.com\/infografia-hombres-y-menopausia\/","name":"Infograf\u00eda: Hombres y Menopausia - MENOPAUSICAS ACTIVAS","isPartOf":{"@id":"https:\/\/menopausicasactivas.com\/#website"},"primaryImageOfPage":{"@id":"https:\/\/menopausicasactivas.com\/infografia-hombres-y-menopausia\/#primaryimage"},"image":{"@id":"https:\/\/menopausicasactivas.com\/infografia-hombres-y-menopausia\/#primaryimage"},"thumbnailUrl":"https:\/\/i0.wp.com\/menopausicasactivas.com\/wp-content\/uploads\/2024\/09\/Hombre-adulto-Pensando-en-3D-con-fondo-azul-claro-e1726532637868.jpg?fit=1914%2C1914&ssl=1","datePublished":"2024-09-17T01:57:59+00:00","dateModified":"2026-02-24T01:56:55+00:00","breadcrumb":{"@id":"https:\/\/menopausicasactivas.com\/infografia-hombres-y-menopausia\/#breadcrumb"},"inLanguage":"en-US","potentialAction":[{"@type":"ReadAction","target":["https:\/\/menopausicasactivas.com\/infografia-hombres-y-menopausia\/"]}]},{"@type":"ImageObject","inLanguage":"en-US","@id":"https:\/\/menopausicasactivas.com\/infografia-hombres-y-menopausia\/#primaryimage","url":"https:\/\/i0.wp.com\/menopausicasactivas.com\/wp-content\/uploads\/2024\/09\/Hombre-adulto-Pensando-en-3D-con-fondo-azul-claro-e1726532637868.jpg?fit=1914%2C1914&ssl=1","contentUrl":"https:\/\/i0.wp.com\/menopausicasactivas.com\/wp-content\/uploads\/2024\/09\/Hombre-adulto-Pensando-en-3D-con-fondo-azul-claro-e1726532637868.jpg?fit=1914%2C1914&ssl=1","width":1914,"height":1914},{"@type":"BreadcrumbList","@id":"https:\/\/menopausicasactivas.com\/infografia-hombres-y-menopausia\/#breadcrumb","itemListElement":[{"@type":"ListItem","position":1,"name":"Home","item":"https:\/\/menopausicasactivas.com\/"},{"@type":"ListItem","position":2,"name":"Infograf\u00eda: Hombres y Menopausia"}]},{"@type":"WebSite","@id":"https:\/\/menopausicasactivas.com\/#website","url":"https:\/\/menopausicasactivas.com\/","name":"MENOPAUSICAS ACTIVAS","description":"Nutrition, Health, and Longevity. Tips to take back your life.","publisher":{"@id":"https:\/\/menopausicasactivas.com\/#organization"},"potentialAction":[{"@type":"SearchAction","target":{"@type":"EntryPoint","urlTemplate":"https:\/\/menopausicasactivas.com\/?s={search_term_string}"},"query-input":{"@type":"PropertyValueSpecification","valueRequired":true,"valueName":"search_term_string"}}],"inLanguage":"en-US"},{"@type":"Organization","@id":"https:\/\/menopausicasactivas.com\/#organization","name":"MENOPAUSICAS ACTIVAS","url":"https:\/\/menopausicasactivas.com\/","logo":{"@type":"ImageObject","inLanguage":"en-US","@id":"https:\/\/menopausicasactivas.com\/#\/schema\/logo\/image\/","url":"https:\/\/i0.wp.com\/menopausicasactivas.com\/wp-content\/uploads\/2024\/06\/cropped-Menopausicas-Activas-Logo.png?fit=500%2C500&ssl=1","contentUrl":"https:\/\/i0.wp.com\/menopausicasactivas.com\/wp-content\/uploads\/2024\/06\/cropped-Menopausicas-Activas-Logo.png?fit=500%2C500&ssl=1","width":500,"height":500,"caption":"MENOPAUSICAS ACTIVAS"},"image":{"@id":"https:\/\/menopausicasactivas.com\/#\/schema\/logo\/image\/"}},{"@type":"Person","@id":"https:\/\/menopausicasactivas.com\/#\/schema\/person\/b14f7ff0c676b419421b3eb573b34a85","name":"Aprilia","image":{"@type":"ImageObject","inLanguage":"en-US","@id":"https:\/\/secure.gravatar.com\/avatar\/76f48751066253fbf00cefd6c7bda88fe48d10cf5f2f8f23ddac5fc150d9679b?s=96&r=g","url":"https:\/\/secure.gravatar.com\/avatar\/76f48751066253fbf00cefd6c7bda88fe48d10cf5f2f8f23ddac5fc150d9679b?s=96&r=g","contentUrl":"https:\/\/secure.gravatar.com\/avatar\/76f48751066253fbf00cefd6c7bda88fe48d10cf5f2f8f23ddac5fc150d9679b?s=96&r=g","caption":"Aprilia"},"url":"https:\/\/menopausicasactivas.com\/en\/author\/jkenuumy\/"}]}},"jetpack_publicize_connections":[],"jetpack_featured_media_url":"https:\/\/i0.wp.com\/menopausicasactivas.com\/wp-content\/uploads\/2024\/09\/Hombre-adulto-Pensando-en-3D-con-fondo-azul-claro-e1726532637868.jpg?fit=1914%2C1914&ssl=1","jetpack_likes_enabled":true,"jetpack_sharing_enabled":true,"_links":{"self":[{"href":"https:\/\/menopausicasactivas.com\/en\/wp-json\/wp\/v2\/posts\/767","targetHints":{"allow":["GET"]}}],"collection":[{"href":"https:\/\/menopausicasactivas.com\/en\/wp-json\/wp\/v2\/posts"}],"about":[{"href":"https:\/\/menopausicasactivas.com\/en\/wp-json\/wp\/v2\/types\/post"}],"author":[{"embeddable":true,"href":"https:\/\/menopausicasactivas.com\/en\/wp-json\/wp\/v2\/users\/1"}],"replies":[{"embeddable":true,"href":"https:\/\/menopausicasactivas.com\/en\/wp-json\/wp\/v2\/comments?post=767"}],"version-history":[{"count":8,"href":"https:\/\/menopausicasactivas.com\/en\/wp-json\/wp\/v2\/posts\/767\/revisions"}],"predecessor-version":[{"id":1914,"href":"https:\/\/menopausicasactivas.com\/en\/wp-json\/wp\/v2\/posts\/767\/revisions\/1914"}],"wp:featuredmedia":[{"embeddable":true,"href":"https:\/\/menopausicasactivas.com\/en\/wp-json\/wp\/v2\/media\/775"}],"wp:attachment":[{"href":"https:\/\/menopausicasactivas.com\/en\/wp-json\/wp\/v2\/media?parent=767"}],"wp:term":[{"taxonomy":"category","embeddable":true,"href":"https:\/\/menopausicasactivas.com\/en\/wp-json\/wp\/v2\/categories?post=767"},{"taxonomy":"post_tag","embeddable":true,"href":"https:\/\/menopausicasactivas.com\/en\/wp-json\/wp\/v2\/tags?post=767"}],"curies":[{"name":"wp","href":"https:\/\/api.w.org\/{rel}","templated":true}]}}